{"id":5231,"date":"2024-12-20T06:33:54","date_gmt":"2024-12-20T06:33:54","guid":{"rendered":"https:\/\/deepskyblue-opossum-371189.hostingersite.com\/nedzirdigi-neredzigo-diena-27-junija\/"},"modified":"2024-12-20T06:33:54","modified_gmt":"2024-12-20T06:33:54","slug":"nedzirdigi-neredzigo-diena-27-junija","status":"publish","type":"post","link":"https:\/\/lnbiedriba.lv\/lv\/nedzirdigi-neredzigo-diena-27-junija\/","title":{"rendered":"Nedzird\u012bgi neredz\u012bgo diena 27.j\u016bnij\u0101"},"content":{"rendered":"<p>Nedzird\u012bgi neredz\u012bgo diena ir velt\u012bta cilv\u0113kiem, kuri vienlaikus ir neredz\u012bgi un nedzird\u012bgi. \u0160\u012b diena tiek d\u0113v\u0113ta ar\u012b par <em>Hel\u0113nas Kelleres dienu. <\/em>\u0160o dienu par atz\u012bm\u0113jamu noteica Amerikas Savienoto Valstu prezidents D\u017eimijs K\u0101rters 1980.gad\u0101, kuru atz\u012bm\u0113 ar\u012b starptautisk\u0101s organiz\u0101cijas, kas darbojas \u0161o cilv\u0113ku intere\u0161u aizst\u0101v\u012bbas jom\u0101.<\/p>\n<p>Hel\u0113na Kellere (dzimusi 1880. gada 27. j\u016bnij\u0101), kas redzi un dzirdi slim\u012bbas d\u0113\u013c bija zaud\u0113jusi 19 m\u0113ne\u0161u vecum\u0101, bija amerik\u0101\u0146u rakstniece, skolot\u0101ja, kas iest\u0101j\u0101s ar\u012b par sievie\u0161u un darba ties\u012bb\u0101m, k\u0101 ar\u012b soci\u0101lisma idej\u0101m.<br \/>LNB Centr\u0101l\u0101 valde s\u016bta sveicienus \u0161aj\u0101 noz\u012bm\u012bgaj\u0101 dien\u0101.<\/p>\n","protected":false},"excerpt":{"rendered":"<p>Nedzird\u012bgi neredz\u012bgo diena ir velt\u012bta cilv\u0113kiem, kuri vienlaikus ir neredz\u012bgi un nedzird\u012bgi. \u0160\u012b diena tiek d\u0113v\u0113ta ar\u012b par Hel\u0113nas Kelleres dienu. \u0160o dienu par atz\u012bm\u0113jamu noteica Amerikas Savienoto Valstu prezidents D\u017eimijs K\u0101rters 1980.gad\u0101, kuru atz\u012bm\u0113 ar\u012b starptautisk\u0101s organiz\u0101cijas, kas darbojas \u0161o cilv\u0113ku intere\u0161u aizst\u0101v\u012bbas jom\u0101. Hel\u0113na Kellere (dzimusi 1880. gada 27. j\u016bnij\u0101), kas redzi un [&hellip;]<\/p>\n","protected":false},"author":0,"featured_media":5229,"comment_status":"open","ping_status":"open","sticky":false,"template":"","format":"standard","meta":{"footnotes":""},"categories":[1],"tags":[],"class_list":["post-5231","post","type-post","status-publish","format-standard","has-post-thumbnail","hentry","category-citi-raksti"],"acf":[],"yoast_head":"<!-- This site is optimized with the Yoast SEO plugin v27.4 - https:\/\/yoast.com\/product\/yoast-seo-wordpress\/ -->\n<title>Nedzird\u012bgi neredz\u012bgo diena 27.j\u016bnij\u0101 - Latvijas Neredz\u012bgo Biedr\u012bba<\/title>\n<meta name=\"robots\" content=\"index, follow, max-snippet:-1, max-image-preview:large, max-video-preview:-1\" \/>\n<link rel=\"canonical\" href=\"https:\/\/lnbiedriba.lv\/lv\/nedzirdigi-neredzigo-diena-27-junija\/\" \/>\n<meta property=\"og:locale\" content=\"lv_LV\" \/>\n<meta property=\"og:type\" content=\"article\" \/>\n<meta property=\"og:title\" content=\"Nedzird\u012bgi neredz\u012bgo diena 27.j\u016bnij\u0101 - Latvijas Neredz\u012bgo Biedr\u012bba\" \/>\n<meta property=\"og:description\" content=\"Nedzird\u012bgi neredz\u012bgo diena ir velt\u012bta cilv\u0113kiem, kuri vienlaikus ir neredz\u012bgi un nedzird\u012bgi. \u0160\u012b diena tiek d\u0113v\u0113ta ar\u012b par Hel\u0113nas Kelleres dienu. \u0160o dienu par atz\u012bm\u0113jamu noteica Amerikas Savienoto Valstu prezidents D\u017eimijs K\u0101rters 1980.gad\u0101, kuru atz\u012bm\u0113 ar\u012b starptautisk\u0101s organiz\u0101cijas, kas darbojas \u0161o cilv\u0113ku intere\u0161u aizst\u0101v\u012bbas jom\u0101. Hel\u0113na Kellere (dzimusi 1880. gada 27. j\u016bnij\u0101), kas redzi un [&hellip;]\" \/>\n<meta property=\"og:url\" content=\"https:\/\/lnbiedriba.lv\/lv\/nedzirdigi-neredzigo-diena-27-junija\/\" \/>\n<meta property=\"og:site_name\" content=\"Latvijas Neredz\u012bgo Biedr\u012bba\" \/>\n<meta property=\"article:published_time\" content=\"2024-12-20T06:33:54+00:00\" \/>\n<meta property=\"og:image\" content=\"https:\/\/lnbiedriba.lv\/wp-content\/uploads\/2024\/12\/1211_nedz-nered-dien_lrg-1.jpg\" \/>\n\t<meta property=\"og:image:width\" content=\"1024\" \/>\n\t<meta property=\"og:image:height\" content=\"512\" \/>\n\t<meta property=\"og:image:type\" content=\"image\/jpeg\" \/>\n<meta name=\"twitter:card\" content=\"summary_large_image\" \/>\n<meta name=\"twitter:label1\" content=\"Est. reading time\" \/>\n\t<meta name=\"twitter:data1\" content=\"1 minute\" \/>\n<script type=\"application\/ld+json\" class=\"yoast-schema-graph\">{\"@context\":\"https:\\\/\\\/schema.org\",\"@graph\":[{\"@type\":\"Article\",\"@id\":\"https:\\\/\\\/lnbiedriba.lv\\\/lv\\\/nedzirdigi-neredzigo-diena-27-junija\\\/#article\",\"isPartOf\":{\"@id\":\"https:\\\/\\\/lnbiedriba.lv\\\/lv\\\/nedzirdigi-neredzigo-diena-27-junija\\\/\"},\"author\":{\"name\":\"\",\"@id\":\"\"},\"headline\":\"Nedzird\u012bgi neredz\u012bgo diena 27.j\u016bnij\u0101\",\"datePublished\":\"2024-12-20T06:33:54+00:00\",\"mainEntityOfPage\":{\"@id\":\"https:\\\/\\\/lnbiedriba.lv\\\/lv\\\/nedzirdigi-neredzigo-diena-27-junija\\\/\"},\"wordCount\":129,\"commentCount\":0,\"image\":{\"@id\":\"https:\\\/\\\/lnbiedriba.lv\\\/lv\\\/nedzirdigi-neredzigo-diena-27-junija\\\/#primaryimage\"},\"thumbnailUrl\":\"https:\\\/\\\/lnbiedriba.lv\\\/wp-content\\\/uploads\\\/2024\\\/12\\\/1211_nedz-nered-dien_lrg-1.jpg\",\"articleSection\":[\"Citi raksti\"],\"inLanguage\":\"lv-LV\",\"potentialAction\":[{\"@type\":\"CommentAction\",\"name\":\"Comment\",\"target\":[\"https:\\\/\\\/lnbiedriba.lv\\\/lv\\\/nedzirdigi-neredzigo-diena-27-junija\\\/#respond\"]}]},{\"@type\":\"WebPage\",\"@id\":\"https:\\\/\\\/lnbiedriba.lv\\\/lv\\\/nedzirdigi-neredzigo-diena-27-junija\\\/\",\"url\":\"https:\\\/\\\/lnbiedriba.lv\\\/lv\\\/nedzirdigi-neredzigo-diena-27-junija\\\/\",\"name\":\"Nedzird\u012bgi neredz\u012bgo diena 27.j\u016bnij\u0101 - Latvijas Neredz\u012bgo Biedr\u012bba\",\"isPartOf\":{\"@id\":\"https:\\\/\\\/www.deepskyblue-opossum-371189.hostingersite.com\\\/en\\\/#website\"},\"primaryImageOfPage\":{\"@id\":\"https:\\\/\\\/lnbiedriba.lv\\\/lv\\\/nedzirdigi-neredzigo-diena-27-junija\\\/#primaryimage\"},\"image\":{\"@id\":\"https:\\\/\\\/lnbiedriba.lv\\\/lv\\\/nedzirdigi-neredzigo-diena-27-junija\\\/#primaryimage\"},\"thumbnailUrl\":\"https:\\\/\\\/lnbiedriba.lv\\\/wp-content\\\/uploads\\\/2024\\\/12\\\/1211_nedz-nered-dien_lrg-1.jpg\",\"datePublished\":\"2024-12-20T06:33:54+00:00\",\"author\":{\"@id\":\"\"},\"breadcrumb\":{\"@id\":\"https:\\\/\\\/lnbiedriba.lv\\\/lv\\\/nedzirdigi-neredzigo-diena-27-junija\\\/#breadcrumb\"},\"inLanguage\":\"lv-LV\",\"potentialAction\":[{\"@type\":\"ReadAction\",\"target\":[\"https:\\\/\\\/lnbiedriba.lv\\\/lv\\\/nedzirdigi-neredzigo-diena-27-junija\\\/\"]}]},{\"@type\":\"ImageObject\",\"inLanguage\":\"lv-LV\",\"@id\":\"https:\\\/\\\/lnbiedriba.lv\\\/lv\\\/nedzirdigi-neredzigo-diena-27-junija\\\/#primaryimage\",\"url\":\"https:\\\/\\\/lnbiedriba.lv\\\/wp-content\\\/uploads\\\/2024\\\/12\\\/1211_nedz-nered-dien_lrg-1.jpg\",\"contentUrl\":\"https:\\\/\\\/lnbiedriba.lv\\\/wp-content\\\/uploads\\\/2024\\\/12\\\/1211_nedz-nered-dien_lrg-1.jpg\",\"width\":1024,\"height\":512},{\"@type\":\"BreadcrumbList\",\"@id\":\"https:\\\/\\\/lnbiedriba.lv\\\/lv\\\/nedzirdigi-neredzigo-diena-27-junija\\\/#breadcrumb\",\"itemListElement\":[{\"@type\":\"ListItem\",\"position\":1,\"name\":\"Home\",\"item\":\"https:\\\/\\\/www.deepskyblue-opossum-371189.hostingersite.com\\\/lv\\\/\"},{\"@type\":\"ListItem\",\"position\":2,\"name\":\"Nedzird\u012bgi neredz\u012bgo diena 27.j\u016bnij\u0101\"}]},{\"@type\":\"WebSite\",\"@id\":\"https:\\\/\\\/www.deepskyblue-opossum-371189.hostingersite.com\\\/en\\\/#website\",\"url\":\"https:\\\/\\\/www.deepskyblue-opossum-371189.hostingersite.com\\\/en\\\/\",\"name\":\"Latvijas Neredz\u012bgo Biedr\u012bba\",\"description\":\"Apvienojam un p\u0101rst\u0101vam 1., 2. un 3. grupas redzes inval\u012bdu intereses Latvij\u0101.\",\"potentialAction\":[{\"@type\":\"SearchAction\",\"target\":{\"@type\":\"EntryPoint\",\"urlTemplate\":\"https:\\\/\\\/www.deepskyblue-opossum-371189.hostingersite.com\\\/en\\\/?s={search_term_string}\"},\"query-input\":{\"@type\":\"PropertyValueSpecification\",\"valueRequired\":true,\"valueName\":\"search_term_string\"}}],\"inLanguage\":\"lv-LV\"}]}<\/script>\n<!-- \/ Yoast SEO plugin. -->","yoast_head_json":{"title":"Nedzird\u012bgi neredz\u012bgo diena 27.j\u016bnij\u0101 - Latvijas Neredz\u012bgo Biedr\u012bba","robots":{"index":"index","follow":"follow","max-snippet":"max-snippet:-1","max-image-preview":"max-image-preview:large","max-video-preview":"max-video-preview:-1"},"canonical":"https:\/\/lnbiedriba.lv\/lv\/nedzirdigi-neredzigo-diena-27-junija\/","og_locale":"lv_LV","og_type":"article","og_title":"Nedzird\u012bgi neredz\u012bgo diena 27.j\u016bnij\u0101 - Latvijas Neredz\u012bgo Biedr\u012bba","og_description":"Nedzird\u012bgi neredz\u012bgo diena ir velt\u012bta cilv\u0113kiem, kuri vienlaikus ir neredz\u012bgi un nedzird\u012bgi. \u0160\u012b diena tiek d\u0113v\u0113ta ar\u012b par Hel\u0113nas Kelleres dienu. \u0160o dienu par atz\u012bm\u0113jamu noteica Amerikas Savienoto Valstu prezidents D\u017eimijs K\u0101rters 1980.gad\u0101, kuru atz\u012bm\u0113 ar\u012b starptautisk\u0101s organiz\u0101cijas, kas darbojas \u0161o cilv\u0113ku intere\u0161u aizst\u0101v\u012bbas jom\u0101. Hel\u0113na Kellere (dzimusi 1880. gada 27. j\u016bnij\u0101), kas redzi un [&hellip;]","og_url":"https:\/\/lnbiedriba.lv\/lv\/nedzirdigi-neredzigo-diena-27-junija\/","og_site_name":"Latvijas Neredz\u012bgo Biedr\u012bba","article_published_time":"2024-12-20T06:33:54+00:00","og_image":[{"width":1024,"height":512,"url":"https:\/\/lnbiedriba.lv\/wp-content\/uploads\/2024\/12\/1211_nedz-nered-dien_lrg-1.jpg","type":"image\/jpeg"}],"twitter_card":"summary_large_image","twitter_misc":{"Est. reading time":"1 minute"},"schema":{"@context":"https:\/\/schema.org","@graph":[{"@type":"Article","@id":"https:\/\/lnbiedriba.lv\/lv\/nedzirdigi-neredzigo-diena-27-junija\/#article","isPartOf":{"@id":"https:\/\/lnbiedriba.lv\/lv\/nedzirdigi-neredzigo-diena-27-junija\/"},"author":{"name":"","@id":""},"headline":"Nedzird\u012bgi neredz\u012bgo diena 27.j\u016bnij\u0101","datePublished":"2024-12-20T06:33:54+00:00","mainEntityOfPage":{"@id":"https:\/\/lnbiedriba.lv\/lv\/nedzirdigi-neredzigo-diena-27-junija\/"},"wordCount":129,"commentCount":0,"image":{"@id":"https:\/\/lnbiedriba.lv\/lv\/nedzirdigi-neredzigo-diena-27-junija\/#primaryimage"},"thumbnailUrl":"https:\/\/lnbiedriba.lv\/wp-content\/uploads\/2024\/12\/1211_nedz-nered-dien_lrg-1.jpg","articleSection":["Citi raksti"],"inLanguage":"lv-LV","potentialAction":[{"@type":"CommentAction","name":"Comment","target":["https:\/\/lnbiedriba.lv\/lv\/nedzirdigi-neredzigo-diena-27-junija\/#respond"]}]},{"@type":"WebPage","@id":"https:\/\/lnbiedriba.lv\/lv\/nedzirdigi-neredzigo-diena-27-junija\/","url":"https:\/\/lnbiedriba.lv\/lv\/nedzirdigi-neredzigo-diena-27-junija\/","name":"Nedzird\u012bgi neredz\u012bgo diena 27.j\u016bnij\u0101 - Latvijas Neredz\u012bgo Biedr\u012bba","isPartOf":{"@id":"https:\/\/www.deepskyblue-opossum-371189.hostingersite.com\/en\/#website"},"primaryImageOfPage":{"@id":"https:\/\/lnbiedriba.lv\/lv\/nedzirdigi-neredzigo-diena-27-junija\/#primaryimage"},"image":{"@id":"https:\/\/lnbiedriba.lv\/lv\/nedzirdigi-neredzigo-diena-27-junija\/#primaryimage"},"thumbnailUrl":"https:\/\/lnbiedriba.lv\/wp-content\/uploads\/2024\/12\/1211_nedz-nered-dien_lrg-1.jpg","datePublished":"2024-12-20T06:33:54+00:00","author":{"@id":""},"breadcrumb":{"@id":"https:\/\/lnbiedriba.lv\/lv\/nedzirdigi-neredzigo-diena-27-junija\/#breadcrumb"},"inLanguage":"lv-LV","potentialAction":[{"@type":"ReadAction","target":["https:\/\/lnbiedriba.lv\/lv\/nedzirdigi-neredzigo-diena-27-junija\/"]}]},{"@type":"ImageObject","inLanguage":"lv-LV","@id":"https:\/\/lnbiedriba.lv\/lv\/nedzirdigi-neredzigo-diena-27-junija\/#primaryimage","url":"https:\/\/lnbiedriba.lv\/wp-content\/uploads\/2024\/12\/1211_nedz-nered-dien_lrg-1.jpg","contentUrl":"https:\/\/lnbiedriba.lv\/wp-content\/uploads\/2024\/12\/1211_nedz-nered-dien_lrg-1.jpg","width":1024,"height":512},{"@type":"BreadcrumbList","@id":"https:\/\/lnbiedriba.lv\/lv\/nedzirdigi-neredzigo-diena-27-junija\/#breadcrumb","itemListElement":[{"@type":"ListItem","position":1,"name":"Home","item":"https:\/\/www.deepskyblue-opossum-371189.hostingersite.com\/lv\/"},{"@type":"ListItem","position":2,"name":"Nedzird\u012bgi neredz\u012bgo diena 27.j\u016bnij\u0101"}]},{"@type":"WebSite","@id":"https:\/\/www.deepskyblue-opossum-371189.hostingersite.com\/en\/#website","url":"https:\/\/www.deepskyblue-opossum-371189.hostingersite.com\/en\/","name":"Latvijas Neredz\u012bgo Biedr\u012bba","description":"Apvienojam un p\u0101rst\u0101vam 1., 2. un 3. grupas redzes inval\u012bdu intereses Latvij\u0101.","potentialAction":[{"@type":"SearchAction","target":{"@type":"EntryPoint","urlTemplate":"https:\/\/www.deepskyblue-opossum-371189.hostingersite.com\/en\/?s={search_term_string}"},"query-input":{"@type":"PropertyValueSpecification","valueRequired":true,"valueName":"search_term_string"}}],"inLanguage":"lv-LV"}]}},"_links":{"self":[{"href":"https:\/\/lnbiedriba.lv\/lv\/wp-json\/wp\/v2\/posts\/5231","targetHints":{"allow":["GET"]}}],"collection":[{"href":"https:\/\/lnbiedriba.lv\/lv\/wp-json\/wp\/v2\/posts"}],"about":[{"href":"https:\/\/lnbiedriba.lv\/lv\/wp-json\/wp\/v2\/types\/post"}],"replies":[{"embeddable":true,"href":"https:\/\/lnbiedriba.lv\/lv\/wp-json\/wp\/v2\/comments?post=5231"}],"version-history":[{"count":0,"href":"https:\/\/lnbiedriba.lv\/lv\/wp-json\/wp\/v2\/posts\/5231\/revisions"}],"wp:featuredmedia":[{"embeddable":true,"href":"https:\/\/lnbiedriba.lv\/lv\/wp-json\/wp\/v2\/media\/5229"}],"wp:attachment":[{"href":"https:\/\/lnbiedriba.lv\/lv\/wp-json\/wp\/v2\/media?parent=5231"}],"wp:term":[{"taxonomy":"category","embeddable":true,"href":"https:\/\/lnbiedriba.lv\/lv\/wp-json\/wp\/v2\/categories?post=5231"},{"taxonomy":"post_tag","embeddable":true,"href":"https:\/\/lnbiedriba.lv\/lv\/wp-json\/wp\/v2\/tags?post=5231"}],"curies":[{"name":"wp","href":"https:\/\/api.w.org\/{rel}","templated":true}]}}