{"id":5246,"date":"2024-12-20T06:33:59","date_gmt":"2024-12-20T06:33:59","guid":{"rendered":"https:\/\/deepskyblue-opossum-371189.hostingersite.com\/julija-grafiks-projekta-proti-un-dari-rezekne\/"},"modified":"2024-12-20T06:33:59","modified_gmt":"2024-12-20T06:33:59","slug":"julija-grafiks-projekta-proti-un-dari-rezekne","status":"publish","type":"post","link":"https:\/\/lnbiedriba.lv\/lv\/julija-grafiks-projekta-proti-un-dari-rezekne\/","title":{"rendered":"J\u016blija grafiks projekt\u0101 &#8220;Proti un dari&#8221; R\u0113zekn\u0113"},"content":{"rendered":"<p><span> <\/span><\/p>\n<p><span>01.07.2018. no plkst.16.00 &#8211; 18.00\/2 h<\/span><\/p>\n<p><span> <\/span><\/p>\n<p><span>Nodarb\u012bbu vad\u012bs Valent\u012bna Lansberga<\/span><\/p>\n<p><span> <\/span><\/p>\n<p><span>T\u0113ma: L\u012bdzdal\u012bba kult\u016bras pas\u0101kum\u0101 \u2013 koncerta apmekl\u0113jums.<\/span><\/p>\n<p><span> <\/span><\/p>\n<p><span>Apraksts: N\u012bderlandes studentu or\u0137estra \u201eThe vu \u2013 orchestra\u201d koncertprogrammas \u201eHolande svin Latviju\u201d apmekl\u0113jums. Klasisk\u0101s m\u016bzikas koncerts velt\u012btsLatvijas simtgadei.<\/span><\/p>\n<p><span> <\/span><\/p>\n<p><span>Vieta: Latgales v\u0113stniec\u012bba \u201eGors\u201d, Pils iela 4, R\u0113zekne<\/span><\/p>\n<p><span> <\/span><\/p>\n<p><span>&nbsp;<\/span><\/p>\n<p><span> <\/span><\/p>\n<p><span>03.07.2018. no plkst.12.00 \u2013 13.00\/1 h<\/span><\/p>\n<p><span> <\/span><\/p>\n<p><span>Nodarb\u012bbu vad\u012bs \u0100rija Strada<\/span><\/p>\n<p><span> <\/span><\/p>\n<p><span>T\u0113ma: Speci\u0101lista konsult\u0101cija \u2013 SIVA speci\u0101lists.<\/span><\/p>\n<p><span> <\/span><\/p>\n<p><span>Apraksts: Soci\u0101l\u0101s integr\u0101cijas valsts a\u0123ent\u016bras (SIVA) R\u0113zeknes atbalsta punkta vad\u012bt\u0101ja iepaz\u012bstin\u0101s ar SIVA pakalpojumu pied\u0101v\u0101jumu, ar profesion\u0101l\u0101s pilnveides un t\u0101l\u0101kizgl\u012bt\u012bbas programm\u0101m jaunie\u0161iem ar invalidit\u0101ti.<\/span><\/p>\n<p><span> <\/span><\/p>\n<p><span>Vieta: Bukmui\u017eas iela 20, R\u0113zekne<\/span><\/p>\n<p><span> <\/span><\/p>\n<p><span>&nbsp;<\/span><\/p>\n<p><span> <\/span><\/p>\n<p><span>06.07.2018. no plkst.12.00 \u2013 16.00\/4 h<\/span><\/p>\n<p><span> <\/span><\/p>\n<p><span>Nodarb\u012bbu vad\u012bs L\u012bna Skut\u0101ne<\/span><\/p>\n<p><span> <\/span><\/p>\n<p><span>T\u0113ma: Speci\u0101lista konsult\u0101cija \u2013 rado\u0161\u0101 darbn\u012bca.<\/span><\/p>\n<p><span> <\/span><\/p>\n<p><span>Apraksts: \u0112terisk\u0101s e\u013c\u013cas, to ietekme uz cilv\u0113ka \u0137ermeni un pr\u0101tu. Z\u012bmola \u201eEdal\u012bna\u201d \u012bpa\u0161nieces vad\u012bb\u0101 rado\u0161aj\u0101 darbn\u012bc\u0101 tiks apg\u016bta prasme pagatavot pa\u0161iem savu izsmidzin\u0101mu vasaras \u0137erme\u0146a atsvaidzin\u0101t\u0101ju (dezodorantu), iedeguma e\u013c\u013cu un smidzin\u0101mu pretodu l\u012bdzekli.<\/span><\/p>\n<p><span> <\/span><\/p>\n<p><span>Vieta: Bukmui\u017eas iela 20, R\u0113zekne<\/span><\/p>\n<p><span> <\/span><\/p>\n<p><span>&nbsp;<\/span><\/p>\n<p><span> <\/span><\/p>\n<p><span>10.07.2018. no plkst.12.00 \u2013 14.00\/2 h<\/span><\/p>\n<p><span> <\/span><\/p>\n<p><span>Nodarb\u012bbu vad\u012bs Arina Butkevi\u010da<\/span><\/p>\n<p><span> <\/span><\/p>\n<p><span>T\u0113ma: Neform\u0101l\u0101 un ikdienas m\u0101c\u012b\u0161an\u0101s \u2013 kulin\u0101rijas nodarb\u012bba.<\/span><\/p>\n<p><span> <\/span><\/p>\n<p><span>Apraksts: Vesel\u012bgs uzturs, t\u0101 priek\u0161noteikumi. V\u0113rt\u012bg\u0101s olbaltumvielas. \u0112dienu gatavo\u0161anas meistarklas\u0113 \u2013 tvaic\u0113ts lasis ar d\u0101rze\u0146iem un svaigu pesto.<\/span><\/p>\n<p><span> <\/span><\/p>\n<p><span>Vieta: Bukmui\u017eas iela 20, R\u0113zekne<\/span><\/p>\n<p><span> <\/span><\/p>\n<p><span>&nbsp;<\/span><\/p>\n<p><span> <\/span><\/p>\n<p><span>11.07.2018. no plkst.12.00 \u2013 14.00\/2 h<\/span><\/p>\n<p><span> <\/span><\/p>\n<p><span>Nodarb\u012bbu vad\u012bs Valent\u012bna Lansberga<\/span><\/p>\n<p><span> <\/span><\/p>\n<p><span>T\u0113ma: Neform\u0101l\u0101 un ikdienas m\u0101c\u012b\u0161an\u0101s \u2013 m\u0113r\u0137u nosprau\u0161anas sarunas.<\/span><\/p>\n<p><span> <\/span><\/p>\n<p><span>Apraksts: NVO realiz\u0113tie projekti k\u0101 izgl\u012bt\u012bbas un nodarbin\u0101t\u012bbas att\u012bst\u012bt\u0101ji, kult\u016bras, sporta aktivit\u0101\u0161u un izklaides iesp\u0113ju atbalst\u012bt\u0101ji. LNB aktu\u0101lie projekti.<\/span><\/p>\n<p><span> <\/span><\/p>\n<p><span>Vieta: Bukmui\u017eas iela 20, R\u0113zekne<\/span><\/p>\n<p><span> <\/span><\/p>\n<p><span>&nbsp;<\/span><\/p>\n<p><span> <\/span><\/p>\n<p><span>13.07.2018. no plkst.12.00 \u2013 15.00\/3 h<\/span><\/p>\n<p><span> <\/span><\/p>\n<p><span>Nodarb\u012bbu vad\u012bs Arina Butkevi\u010da<\/span><\/p>\n<p><span> <\/span><\/p>\n<p><span>T\u0113ma: Neform\u0101l\u0101 un ikdienas m\u0101c\u012b\u0161an\u0101s \u2013 kulin\u0101rijas nodarb\u012bba.<\/span><\/p>\n<p><span> <\/span><\/p>\n<p><span>Apraksts: Vesel\u012bgs uzturs. J\u016blijs \u2013 svaigu ogu un liepziedu laiks. K\u0101 iekr\u0101t vitam\u012bnus ziemai. \u0112dienu gatavo\u0161anas meistarklas\u0113 \u2013 m\u016bsdien\u012bgi saldie deserti: zeme\u0146u parf\u0113 un \u0101trais ogu krambls ar liepziedu t\u0113ju.<\/span><\/p>\n<p><span> <\/span><\/p>\n<p><span>Vieta: Bukmui\u017eas iela 20, R\u0113zekne<\/span><\/p>\n<p><span> <\/span><\/p>\n<p><span>&nbsp;<\/span><\/p>\n<p><span> <\/span><\/p>\n<p><span>17.07.2018. no plkst.11.00 \u2013 15.00\/4 h<\/span><\/p>\n<p><span> <\/span><\/p>\n<p><span>Nodarb\u012bbu vad\u012bs Valent\u012bna Lansberga<\/span><\/p>\n<p><span> <\/span><\/p>\n<p><span>T\u0113ma: L\u012bdzdal\u012bba pas\u0101kum\u0101 \u2013 izgl\u012btojo\u0161a ekskursija.<\/span><\/p>\n<p><span> <\/span><\/p>\n<p><span>Apraksts: Izgl\u012btojo\u0161a nodarb\u012bba uz R\u0101znas Nacion\u0101lo parku, dabas izgl\u012bt\u012bbas centru \u201eR\u0101zna\u201d un M\u0101ko\u0146kalna pagasta bibliot\u0113ku. Interakt\u012bv\u0101 izst\u0101de \u201eIepaz\u012bsti un saj\u016bti R\u0101znas Nacion\u0101lo parku\u201d iepaz\u012bstin\u0101s ar R\u0101znas Nacion\u0101l\u0101 parka dabas v\u0113rt\u012bb\u0101m, dabas lieguma zon\u0101m, ezeru un me\u017eu bag\u0101t\u012bb\u0101m. Taj\u0101 b\u016bs iesp\u0113ja iepaz\u012bties ne vien ar bag\u0101t\u012bgu informat\u012bvu un foto materi\u0101lu, bet ar\u012b akt\u012bvi darboties pie vair\u0101kiem aktivit\u0101\u0161u galdiem. Bet Saj\u016btu taka \u013caus ar sav\u0101m p\u0113d\u0101m izjust rad\u012bto materi\u0101lu \u2013 s\u016bnu, \u010diekuru, koku, k\u016bdras, akmens un smilts \u2013 virsmu.<\/span><\/p>\n<p><span> <\/span><\/p>\n<p><span><span><span>Vieta: Skolas iela 3, Lipu\u0161ki, M\u0101ko\u0146kalna pagasts, R\u0113zeknes novads<\/span><\/span><\/span><\/p>\n<p><span> <\/span><\/p>\n<p><span>&nbsp;<\/span><\/p>\n<p><span> <\/span><\/p>\n<p><span>20.07.2018. no plkst.12.00 \u2013 15.00\/3 h<\/span><\/p>\n<p><span> <\/span><\/p>\n<p><span>Nodarb\u012bbu vad\u012bs Arina Butkevi\u010da<\/span><\/p>\n<p><span> <\/span><\/p>\n<p><span>T\u0113ma Neform\u0101l\u0101 un ikdienas m\u0101c\u012b\u0161an\u0101s \u2013 kulin\u0101rijas nodarb\u012bba.<\/span><\/p>\n<p><span> <\/span><\/p>\n<p><span>&nbsp;<\/span><span>Apraksts: Vesel\u012bgs uzturs. Ga\u013ca \u2013 olbaltumvielu, B grupas vitam\u012bnu un miner\u0101lvielu avots. K\u0101 vesel\u012bgi pagatavot sarkano ga\u013cu. \u0112dienu gatavo\u0161anas meistarklas\u0113 \u2013 saut\u0113ti c\u016bkga\u013cas veltn\u012b\u0161i ar siera pild\u012bjumu un d\u0101rze\u0146u miksli.<\/span><span> <\/span><\/p>\n<p><span>Vieta: Bukmui\u017eas iela 20, R\u0113zekne<\/span><\/p>\n<p><span> <\/span><\/p>\n<p><span>&nbsp;<\/span><\/p>\n<p><span> <\/span><\/p>\n<p><span>&nbsp;<\/span><span>24.07.2018. no plkst.12.00 \u2013 15.00\/3 h<\/span><span> <\/span><\/p>\n<p><span>Atbild\u012bg\u0101 persona L\u012bna Skut\u0101ne<\/span><\/p>\n<p><span> <\/span><\/p>\n<p><span>T\u0113ma: Speci\u0101lista konsult\u0101cija \u2013 rado\u0161\u0101 darbn\u012bca.<\/span><\/p>\n<p><span> <\/span><\/p>\n<p><span>Apraksts: Ziedu o\u0101zes \u2013 vides dizaina elements ikdien\u0101 un sv\u0113tkos, d\u0101vana jebkur\u0101 dz\u012bves situ\u0101cij\u0101. Rado\u0161aj\u0101 darbn\u012bc\u0101, izv\u0113loties neierastu pamatu \u2013 kr\u016bzi vai tasi, un izmantojot p\u013cav\u0101s augo\u0161us un veikal\u0101 nop\u0113rkamus ziedus, za\u013cumus, dekorus, jaunie\u0161i att\u012bst\u012bs savu rado\u0161umu, veidojot ziedu o\u0101zes.<\/span><\/p>\n<p><span> <\/span><\/p>\n<p><span>Vieta: Bukmui\u017eas iela 20, R\u0113zekne <\/span><\/p>\n<p><span> <\/span><\/p>\n","protected":false},"excerpt":{"rendered":"<p>01.07.2018. no plkst.16.00 &#8211; 18.00\/2 h Nodarb\u012bbu vad\u012bs Valent\u012bna Lansberga T\u0113ma: L\u012bdzdal\u012bba kult\u016bras pas\u0101kum\u0101 \u2013 koncerta apmekl\u0113jums. Apraksts: N\u012bderlandes studentu or\u0137estra \u201eThe vu \u2013 orchestra\u201d koncertprogrammas \u201eHolande svin Latviju\u201d apmekl\u0113jums. Klasisk\u0101s m\u016bzikas koncerts velt\u012btsLatvijas simtgadei. Vieta: Latgales v\u0113stniec\u012bba \u201eGors\u201d, Pils iela 4, R\u0113zekne &nbsp; 03.07.2018. no plkst.12.00 \u2013 13.00\/1 h Nodarb\u012bbu vad\u012bs \u0100rija Strada T\u0113ma: [&hellip;]<\/p>\n","protected":false},"author":0,"featured_media":5244,"comment_status":"open","ping_status":"open","sticky":false,"template":"","format":"standard","meta":{"footnotes":""},"categories":[1],"tags":[],"class_list":["post-5246","post","type-post","status-publish","format-standard","has-post-thumbnail","hentry","category-citi-raksti"],"acf":[],"yoast_head":"<!-- This site is optimized with the Yoast SEO plugin v27.4 - https:\/\/yoast.com\/product\/yoast-seo-wordpress\/ -->\n<title>J\u016blija grafiks projekt\u0101 &quot;Proti un dari&quot; R\u0113zekn\u0113 - Latvijas Neredz\u012bgo Biedr\u012bba<\/title>\n<meta name=\"robots\" content=\"index, follow, max-snippet:-1, max-image-preview:large, max-video-preview:-1\" \/>\n<link rel=\"canonical\" href=\"https:\/\/lnbiedriba.lv\/lv\/julija-grafiks-projekta-proti-un-dari-rezekne\/\" \/>\n<meta property=\"og:locale\" content=\"lv_LV\" \/>\n<meta property=\"og:type\" content=\"article\" \/>\n<meta property=\"og:title\" content=\"J\u016blija grafiks projekt\u0101 &quot;Proti un dari&quot; R\u0113zekn\u0113 - Latvijas Neredz\u012bgo Biedr\u012bba\" \/>\n<meta property=\"og:description\" content=\"01.07.2018. no plkst.16.00 &#8211; 18.00\/2 h Nodarb\u012bbu vad\u012bs Valent\u012bna Lansberga T\u0113ma: L\u012bdzdal\u012bba kult\u016bras pas\u0101kum\u0101 \u2013 koncerta apmekl\u0113jums. Apraksts: N\u012bderlandes studentu or\u0137estra \u201eThe vu \u2013 orchestra\u201d koncertprogrammas \u201eHolande svin Latviju\u201d apmekl\u0113jums. Klasisk\u0101s m\u016bzikas koncerts velt\u012btsLatvijas simtgadei. Vieta: Latgales v\u0113stniec\u012bba \u201eGors\u201d, Pils iela 4, R\u0113zekne &nbsp; 03.07.2018. no plkst.12.00 \u2013 13.00\/1 h Nodarb\u012bbu vad\u012bs \u0100rija Strada T\u0113ma: [&hellip;]\" \/>\n<meta property=\"og:url\" content=\"https:\/\/lnbiedriba.lv\/lv\/julija-grafiks-projekta-proti-un-dari-rezekne\/\" \/>\n<meta property=\"og:site_name\" content=\"Latvijas Neredz\u012bgo Biedr\u012bba\" \/>\n<meta property=\"article:published_time\" content=\"2024-12-20T06:33:59+00:00\" \/>\n<meta property=\"og:image\" content=\"https:\/\/lnbiedriba.lv\/wp-content\/uploads\/2024\/12\/1216_36513663-10155676442846313-39679708199124992-_lrg-1.jpg\" \/>\n\t<meta property=\"og:image:width\" content=\"600\" \/>\n\t<meta property=\"og:image:height\" content=\"800\" \/>\n\t<meta property=\"og:image:type\" content=\"image\/jpeg\" \/>\n<meta name=\"twitter:card\" content=\"summary_large_image\" \/>\n<meta name=\"twitter:label1\" content=\"Est. reading time\" \/>\n\t<meta name=\"twitter:data1\" content=\"4 minutes\" \/>\n<script type=\"application\/ld+json\" class=\"yoast-schema-graph\">{\"@context\":\"https:\\\/\\\/schema.org\",\"@graph\":[{\"@type\":\"Article\",\"@id\":\"https:\\\/\\\/lnbiedriba.lv\\\/lv\\\/julija-grafiks-projekta-proti-un-dari-rezekne\\\/#article\",\"isPartOf\":{\"@id\":\"https:\\\/\\\/lnbiedriba.lv\\\/lv\\\/julija-grafiks-projekta-proti-un-dari-rezekne\\\/\"},\"author\":{\"name\":\"\",\"@id\":\"\"},\"headline\":\"J\u016blija grafiks projekt\u0101 &#8220;Proti un dari&#8221; R\u0113zekn\u0113\",\"datePublished\":\"2024-12-20T06:33:59+00:00\",\"mainEntityOfPage\":{\"@id\":\"https:\\\/\\\/lnbiedriba.lv\\\/lv\\\/julija-grafiks-projekta-proti-un-dari-rezekne\\\/\"},\"wordCount\":719,\"commentCount\":0,\"image\":{\"@id\":\"https:\\\/\\\/lnbiedriba.lv\\\/lv\\\/julija-grafiks-projekta-proti-un-dari-rezekne\\\/#primaryimage\"},\"thumbnailUrl\":\"https:\\\/\\\/lnbiedriba.lv\\\/wp-content\\\/uploads\\\/2024\\\/12\\\/1216_36513663-10155676442846313-39679708199124992-_lrg-1.jpg\",\"articleSection\":[\"Citi raksti\"],\"inLanguage\":\"lv-LV\",\"potentialAction\":[{\"@type\":\"CommentAction\",\"name\":\"Comment\",\"target\":[\"https:\\\/\\\/lnbiedriba.lv\\\/lv\\\/julija-grafiks-projekta-proti-un-dari-rezekne\\\/#respond\"]}]},{\"@type\":\"WebPage\",\"@id\":\"https:\\\/\\\/lnbiedriba.lv\\\/lv\\\/julija-grafiks-projekta-proti-un-dari-rezekne\\\/\",\"url\":\"https:\\\/\\\/lnbiedriba.lv\\\/lv\\\/julija-grafiks-projekta-proti-un-dari-rezekne\\\/\",\"name\":\"J\u016blija grafiks projekt\u0101 \\\"Proti un dari\\\" R\u0113zekn\u0113 - Latvijas Neredz\u012bgo Biedr\u012bba\",\"isPartOf\":{\"@id\":\"https:\\\/\\\/www.deepskyblue-opossum-371189.hostingersite.com\\\/en\\\/#website\"},\"primaryImageOfPage\":{\"@id\":\"https:\\\/\\\/lnbiedriba.lv\\\/lv\\\/julija-grafiks-projekta-proti-un-dari-rezekne\\\/#primaryimage\"},\"image\":{\"@id\":\"https:\\\/\\\/lnbiedriba.lv\\\/lv\\\/julija-grafiks-projekta-proti-un-dari-rezekne\\\/#primaryimage\"},\"thumbnailUrl\":\"https:\\\/\\\/lnbiedriba.lv\\\/wp-content\\\/uploads\\\/2024\\\/12\\\/1216_36513663-10155676442846313-39679708199124992-_lrg-1.jpg\",\"datePublished\":\"2024-12-20T06:33:59+00:00\",\"author\":{\"@id\":\"\"},\"breadcrumb\":{\"@id\":\"https:\\\/\\\/lnbiedriba.lv\\\/lv\\\/julija-grafiks-projekta-proti-un-dari-rezekne\\\/#breadcrumb\"},\"inLanguage\":\"lv-LV\",\"potentialAction\":[{\"@type\":\"ReadAction\",\"target\":[\"https:\\\/\\\/lnbiedriba.lv\\\/lv\\\/julija-grafiks-projekta-proti-un-dari-rezekne\\\/\"]}]},{\"@type\":\"ImageObject\",\"inLanguage\":\"lv-LV\",\"@id\":\"https:\\\/\\\/lnbiedriba.lv\\\/lv\\\/julija-grafiks-projekta-proti-un-dari-rezekne\\\/#primaryimage\",\"url\":\"https:\\\/\\\/lnbiedriba.lv\\\/wp-content\\\/uploads\\\/2024\\\/12\\\/1216_36513663-10155676442846313-39679708199124992-_lrg-1.jpg\",\"contentUrl\":\"https:\\\/\\\/lnbiedriba.lv\\\/wp-content\\\/uploads\\\/2024\\\/12\\\/1216_36513663-10155676442846313-39679708199124992-_lrg-1.jpg\",\"width\":600,\"height\":800},{\"@type\":\"BreadcrumbList\",\"@id\":\"https:\\\/\\\/lnbiedriba.lv\\\/lv\\\/julija-grafiks-projekta-proti-un-dari-rezekne\\\/#breadcrumb\",\"itemListElement\":[{\"@type\":\"ListItem\",\"position\":1,\"name\":\"Home\",\"item\":\"https:\\\/\\\/www.deepskyblue-opossum-371189.hostingersite.com\\\/lv\\\/\"},{\"@type\":\"ListItem\",\"position\":2,\"name\":\"J\u016blija grafiks projekt\u0101 &#8220;Proti un dari&#8221; R\u0113zekn\u0113\"}]},{\"@type\":\"WebSite\",\"@id\":\"https:\\\/\\\/www.deepskyblue-opossum-371189.hostingersite.com\\\/en\\\/#website\",\"url\":\"https:\\\/\\\/www.deepskyblue-opossum-371189.hostingersite.com\\\/en\\\/\",\"name\":\"Latvijas Neredz\u012bgo Biedr\u012bba\",\"description\":\"Apvienojam un p\u0101rst\u0101vam 1., 2. un 3. grupas redzes inval\u012bdu intereses Latvij\u0101.\",\"potentialAction\":[{\"@type\":\"SearchAction\",\"target\":{\"@type\":\"EntryPoint\",\"urlTemplate\":\"https:\\\/\\\/www.deepskyblue-opossum-371189.hostingersite.com\\\/en\\\/?s={search_term_string}\"},\"query-input\":{\"@type\":\"PropertyValueSpecification\",\"valueRequired\":true,\"valueName\":\"search_term_string\"}}],\"inLanguage\":\"lv-LV\"}]}<\/script>\n<!-- \/ Yoast SEO plugin. -->","yoast_head_json":{"title":"J\u016blija grafiks projekt\u0101 \"Proti un dari\" R\u0113zekn\u0113 - Latvijas Neredz\u012bgo Biedr\u012bba","robots":{"index":"index","follow":"follow","max-snippet":"max-snippet:-1","max-image-preview":"max-image-preview:large","max-video-preview":"max-video-preview:-1"},"canonical":"https:\/\/lnbiedriba.lv\/lv\/julija-grafiks-projekta-proti-un-dari-rezekne\/","og_locale":"lv_LV","og_type":"article","og_title":"J\u016blija grafiks projekt\u0101 \"Proti un dari\" R\u0113zekn\u0113 - Latvijas Neredz\u012bgo Biedr\u012bba","og_description":"01.07.2018. no plkst.16.00 &#8211; 18.00\/2 h Nodarb\u012bbu vad\u012bs Valent\u012bna Lansberga T\u0113ma: L\u012bdzdal\u012bba kult\u016bras pas\u0101kum\u0101 \u2013 koncerta apmekl\u0113jums. Apraksts: N\u012bderlandes studentu or\u0137estra \u201eThe vu \u2013 orchestra\u201d koncertprogrammas \u201eHolande svin Latviju\u201d apmekl\u0113jums. Klasisk\u0101s m\u016bzikas koncerts velt\u012btsLatvijas simtgadei. Vieta: Latgales v\u0113stniec\u012bba \u201eGors\u201d, Pils iela 4, R\u0113zekne &nbsp; 03.07.2018. no plkst.12.00 \u2013 13.00\/1 h Nodarb\u012bbu vad\u012bs \u0100rija Strada T\u0113ma: [&hellip;]","og_url":"https:\/\/lnbiedriba.lv\/lv\/julija-grafiks-projekta-proti-un-dari-rezekne\/","og_site_name":"Latvijas Neredz\u012bgo Biedr\u012bba","article_published_time":"2024-12-20T06:33:59+00:00","og_image":[{"width":600,"height":800,"url":"https:\/\/lnbiedriba.lv\/wp-content\/uploads\/2024\/12\/1216_36513663-10155676442846313-39679708199124992-_lrg-1.jpg","type":"image\/jpeg"}],"twitter_card":"summary_large_image","twitter_misc":{"Est. reading time":"4 minutes"},"schema":{"@context":"https:\/\/schema.org","@graph":[{"@type":"Article","@id":"https:\/\/lnbiedriba.lv\/lv\/julija-grafiks-projekta-proti-un-dari-rezekne\/#article","isPartOf":{"@id":"https:\/\/lnbiedriba.lv\/lv\/julija-grafiks-projekta-proti-un-dari-rezekne\/"},"author":{"name":"","@id":""},"headline":"J\u016blija grafiks projekt\u0101 &#8220;Proti un dari&#8221; R\u0113zekn\u0113","datePublished":"2024-12-20T06:33:59+00:00","mainEntityOfPage":{"@id":"https:\/\/lnbiedriba.lv\/lv\/julija-grafiks-projekta-proti-un-dari-rezekne\/"},"wordCount":719,"commentCount":0,"image":{"@id":"https:\/\/lnbiedriba.lv\/lv\/julija-grafiks-projekta-proti-un-dari-rezekne\/#primaryimage"},"thumbnailUrl":"https:\/\/lnbiedriba.lv\/wp-content\/uploads\/2024\/12\/1216_36513663-10155676442846313-39679708199124992-_lrg-1.jpg","articleSection":["Citi raksti"],"inLanguage":"lv-LV","potentialAction":[{"@type":"CommentAction","name":"Comment","target":["https:\/\/lnbiedriba.lv\/lv\/julija-grafiks-projekta-proti-un-dari-rezekne\/#respond"]}]},{"@type":"WebPage","@id":"https:\/\/lnbiedriba.lv\/lv\/julija-grafiks-projekta-proti-un-dari-rezekne\/","url":"https:\/\/lnbiedriba.lv\/lv\/julija-grafiks-projekta-proti-un-dari-rezekne\/","name":"J\u016blija grafiks projekt\u0101 \"Proti un dari\" R\u0113zekn\u0113 - Latvijas Neredz\u012bgo Biedr\u012bba","isPartOf":{"@id":"https:\/\/www.deepskyblue-opossum-371189.hostingersite.com\/en\/#website"},"primaryImageOfPage":{"@id":"https:\/\/lnbiedriba.lv\/lv\/julija-grafiks-projekta-proti-un-dari-rezekne\/#primaryimage"},"image":{"@id":"https:\/\/lnbiedriba.lv\/lv\/julija-grafiks-projekta-proti-un-dari-rezekne\/#primaryimage"},"thumbnailUrl":"https:\/\/lnbiedriba.lv\/wp-content\/uploads\/2024\/12\/1216_36513663-10155676442846313-39679708199124992-_lrg-1.jpg","datePublished":"2024-12-20T06:33:59+00:00","author":{"@id":""},"breadcrumb":{"@id":"https:\/\/lnbiedriba.lv\/lv\/julija-grafiks-projekta-proti-un-dari-rezekne\/#breadcrumb"},"inLanguage":"lv-LV","potentialAction":[{"@type":"ReadAction","target":["https:\/\/lnbiedriba.lv\/lv\/julija-grafiks-projekta-proti-un-dari-rezekne\/"]}]},{"@type":"ImageObject","inLanguage":"lv-LV","@id":"https:\/\/lnbiedriba.lv\/lv\/julija-grafiks-projekta-proti-un-dari-rezekne\/#primaryimage","url":"https:\/\/lnbiedriba.lv\/wp-content\/uploads\/2024\/12\/1216_36513663-10155676442846313-39679708199124992-_lrg-1.jpg","contentUrl":"https:\/\/lnbiedriba.lv\/wp-content\/uploads\/2024\/12\/1216_36513663-10155676442846313-39679708199124992-_lrg-1.jpg","width":600,"height":800},{"@type":"BreadcrumbList","@id":"https:\/\/lnbiedriba.lv\/lv\/julija-grafiks-projekta-proti-un-dari-rezekne\/#breadcrumb","itemListElement":[{"@type":"ListItem","position":1,"name":"Home","item":"https:\/\/www.deepskyblue-opossum-371189.hostingersite.com\/lv\/"},{"@type":"ListItem","position":2,"name":"J\u016blija grafiks projekt\u0101 &#8220;Proti un dari&#8221; R\u0113zekn\u0113"}]},{"@type":"WebSite","@id":"https:\/\/www.deepskyblue-opossum-371189.hostingersite.com\/en\/#website","url":"https:\/\/www.deepskyblue-opossum-371189.hostingersite.com\/en\/","name":"Latvijas Neredz\u012bgo Biedr\u012bba","description":"Apvienojam un p\u0101rst\u0101vam 1., 2. un 3. grupas redzes inval\u012bdu intereses Latvij\u0101.","potentialAction":[{"@type":"SearchAction","target":{"@type":"EntryPoint","urlTemplate":"https:\/\/www.deepskyblue-opossum-371189.hostingersite.com\/en\/?s={search_term_string}"},"query-input":{"@type":"PropertyValueSpecification","valueRequired":true,"valueName":"search_term_string"}}],"inLanguage":"lv-LV"}]}},"_links":{"self":[{"href":"https:\/\/lnbiedriba.lv\/lv\/wp-json\/wp\/v2\/posts\/5246","targetHints":{"allow":["GET"]}}],"collection":[{"href":"https:\/\/lnbiedriba.lv\/lv\/wp-json\/wp\/v2\/posts"}],"about":[{"href":"https:\/\/lnbiedriba.lv\/lv\/wp-json\/wp\/v2\/types\/post"}],"replies":[{"embeddable":true,"href":"https:\/\/lnbiedriba.lv\/lv\/wp-json\/wp\/v2\/comments?post=5246"}],"version-history":[{"count":0,"href":"https:\/\/lnbiedriba.lv\/lv\/wp-json\/wp\/v2\/posts\/5246\/revisions"}],"wp:featuredmedia":[{"embeddable":true,"href":"https:\/\/lnbiedriba.lv\/lv\/wp-json\/wp\/v2\/media\/5244"}],"wp:attachment":[{"href":"https:\/\/lnbiedriba.lv\/lv\/wp-json\/wp\/v2\/media?parent=5246"}],"wp:term":[{"taxonomy":"category","embeddable":true,"href":"https:\/\/lnbiedriba.lv\/lv\/wp-json\/wp\/v2\/categories?post=5246"},{"taxonomy":"post_tag","embeddable":true,"href":"https:\/\/lnbiedriba.lv\/lv\/wp-json\/wp\/v2\/tags?post=5246"}],"curies":[{"name":"wp","href":"https:\/\/api.w.org\/{rel}","templated":true}]}}