{"id":6470,"date":"2024-12-20T06:43:33","date_gmt":"2024-12-20T06:43:33","guid":{"rendered":"https:\/\/deepskyblue-opossum-371189.hostingersite.com\/cilveki-ar-redzes-problemam-rada\/"},"modified":"2024-12-20T06:43:33","modified_gmt":"2024-12-20T06:43:33","slug":"cilveki-ar-redzes-problemam-rada","status":"publish","type":"post","link":"https:\/\/lnbiedriba.lv\/lv\/cilveki-ar-redzes-problemam-rada\/","title":{"rendered":"Cilv\u0113ki ar redzes probl\u0113m\u0101m rada"},"content":{"rendered":"<h4><span>Latvijas Neredz\u012bgo biedr\u012bbas J\u016brmalas TERITORI\u0100L\u0100S ORGANIZACIJAS biedri ir akt\u012bvi un ap\u0146\u0113m\u012bbas pilni darboties. Septembr\u012b m\u0101jamatniec\u012bbas nodarb\u012bb\u0101s pa\u0161u rok\u0101m izgatavotas pu\u0137u kastes, tap\u0161anas proces\u0101 ir ar\u012b recep\u0161u gr\u0101mata cilv\u0113kiem ar redzes invalidit\u0101ti.<\/span><\/h4>\n<p class=\"text-align-justify\"><span>J\u016brmalas iedz\u012bvot\u0101ji ar redzes probl\u0113m\u0101m \u2013 gan v\u0101jredz\u012bgie, gan neredz\u012bgie \u2013 tr\u012bs m\u0113ne\u0161us apmekl\u0113ja m\u0101jamatniec\u012bbas nodarb\u012bbas, kur\u0101s apguva jaunas prasmes, darbojoties ar koku un da\u017e\u0101diem galdniec\u012bbas instrumentiem. Apbr\u012bnas v\u0113rts un \u0161\u0137iet gandr\u012bz vai neiesp\u0113jami, bet cilv\u0113ki ar redzes trauc\u0113jumiem darboj\u0101s ar elektrisko skr\u016bvgriezi, lentz\u0101\u0123i, katram bija savs darbi\u0146\u0161, lai neviens nejustos atstums. Protams, bija j\u0101iedro\u0161ina un j\u0101pal\u012bdz, un viss izdev\u0101s.&nbsp;<\/span><\/p>\n<p class=\"text-align-justify\"><span>Rezult\u0101t\u0101 ar neredz\u012bgo un v\u0101jredz\u012bgo j\u016brmalnieku \u010daklaj\u0101m rok\u0101m tika izgatavotas \u010detras skaistas pu\u0137u kastes, kuras Zin\u012bbu dienas svin\u012bgaj\u0101 pas\u0101kum\u0101 tika uzd\u0101vin\u0101tas J\u016brmalas pirmskolas izgl\u012bt\u012bbas iest\u0101des \u201cPodzi\u0146a\u201d audz\u0113k\u0146iem.&nbsp;<\/span><\/p>\n<blockquote>\n<p class=\"text-align-justify\"><span>\u201cB\u0113rni var\u0113s taj\u0101s s\u0113t un st\u0101d\u012bt pu\u0137es un citus augus, m\u0101c\u012bties tos kopt,\u201d saka pirmsskolas izgl\u012bt\u012bbas iest\u0101des \u201cPodzi\u0146a\u201d vad\u012bt\u0101ja Anita Auzi\u0146a.<\/span><\/p>\n<\/blockquote>\n<p class=\"text-align-justify\"><span>P\u0113c svin\u012bg\u0101 pas\u0101kuma, iesaistoties ar\u012b b\u0113rnud\u0101rza audz\u0113k\u0146u vec\u0101kiem, visi kop\u0101 risin\u0101ja da\u017e\u0101dus uzdevumus, izsp\u0113l\u0113ja sp\u0113les un gatavoja vesel\u012bgus gardumus.<\/span><\/p>\n<p class=\"text-align-justify\"><span>Neredz\u012bgo biedr\u012bbas J\u016brmalas fili\u0101les sadarb\u012bba ar \u201cPodzi\u0146u\u201d s\u0101kusies pirms da\u017eiem gadiem, un gandar\u012bjums par kop\u012bg\u0101m aktivit\u0101t\u0113m ir abpus\u0113js. Neredz\u012bgo biedr\u012bbas biedri \u201cPodzi\u0146\u0101\u201d ir gaid\u012bti viesi un tiek d\u0113v\u0113ti par draugiem.<\/span><\/p>\n<p class=\"text-align-justify\"><span>M\u0101jamatniec\u012bbas nodarb\u012bbas Latvijas Neredz\u012bgo biedr\u012bbas J\u016brmalas fili\u0101le r\u012bkoja projekt\u0101 \u201cNekad nepadoties!\u201d; projektam pie\u0161\u0137irts J\u016brmalas pa\u0161vald\u012bbas l\u012bdzfinans\u0113jums iedz\u012bvot\u0101ju iniciat\u012bvas projektu konkurs\u0101 sabiedr\u012bbas integr\u0101cijai.<\/span><\/p>\n<p class=\"text-align-justify\"><span>Pl\u0101notas ar\u012b citas aktivit\u0101tes: cilv\u0113ki ar redzes probl\u0113m\u0101m m\u0101c\u012bsies gatavot da\u017e\u0101das uzkodas, lai pa\u0161i saviem sp\u0113kiem var\u0113tu pagatavot sv\u0113tku malt\u012bti un uzkl\u0101t sv\u0113tku galdu. Tap\u0161anas proces\u0101 ir ar\u012b recep\u0161u gr\u0101mata cilv\u0113kiem ar redzes invalidit\u0101ti.<\/span><\/p>\n<p class=\"text-align-justify\"><span>J\u016brmalniekus ar redzes trauc\u0113jumiem aicina pievienoties Latvijas Neredz\u012bgo biedr\u012bbas J\u016brmalas fili\u0101lei un piedal\u012bties t\u0101s r\u012bkotaj\u0101s aktivit\u0101t\u0113s. Biedr\u012bba darbojas&nbsp;<span>Kaptei\u0146a Zolta iel\u0101&nbsp;121,<\/span>&nbsp;t\u0101lrunis sazi\u0146ai&nbsp;<span>22136368<\/span>.<\/p>\n<p>Avots: https:\/\/www.jurmala.lv\/lv\/jaunums\/cilveki-ar-redzes-problemam-rada<br \/><span class=\"article-author-label\"><br \/>Autors:&nbsp;<\/span><span>&nbsp;<\/span><\/span>SANTA SVOKA<\/p>\n<p class=\"text-align-justify\"><span><br \/>#activecitizensfund<\/p>\n<p><\/span><\/p>\n","protected":false},"excerpt":{"rendered":"<p>Latvijas Neredz\u012bgo biedr\u012bbas J\u016brmalas TERITORI\u0100L\u0100S ORGANIZACIJAS biedri ir akt\u012bvi un ap\u0146\u0113m\u012bbas pilni darboties. Septembr\u012b m\u0101jamatniec\u012bbas nodarb\u012bb\u0101s pa\u0161u rok\u0101m izgatavotas pu\u0137u kastes, tap\u0161anas proces\u0101 ir ar\u012b recep\u0161u gr\u0101mata cilv\u0113kiem ar redzes invalidit\u0101ti. J\u016brmalas iedz\u012bvot\u0101ji ar redzes probl\u0113m\u0101m \u2013 gan v\u0101jredz\u012bgie, gan neredz\u012bgie \u2013 tr\u012bs m\u0113ne\u0161us apmekl\u0113ja m\u0101jamatniec\u012bbas nodarb\u012bbas, kur\u0101s apguva jaunas prasmes, darbojoties ar koku un [&hellip;]<\/p>\n","protected":false},"author":0,"featured_media":6468,"comment_status":"open","ping_status":"open","sticky":false,"template":"","format":"standard","meta":{"footnotes":""},"categories":[1],"tags":[],"class_list":["post-6470","post","type-post","status-publish","format-standard","has-post-thumbnail","hentry","category-citi-raksti"],"acf":[],"yoast_head":"<!-- This site is optimized with the Yoast SEO plugin v27.4 - https:\/\/yoast.com\/product\/yoast-seo-wordpress\/ -->\n<title>Cilv\u0113ki ar redzes probl\u0113m\u0101m rada - Latvijas Neredz\u012bgo Biedr\u012bba<\/title>\n<meta name=\"robots\" content=\"index, follow, max-snippet:-1, max-image-preview:large, max-video-preview:-1\" \/>\n<link rel=\"canonical\" href=\"https:\/\/lnbiedriba.lv\/lv\/cilveki-ar-redzes-problemam-rada\/\" \/>\n<meta property=\"og:locale\" content=\"lv_LV\" \/>\n<meta property=\"og:type\" content=\"article\" \/>\n<meta property=\"og:title\" content=\"Cilv\u0113ki ar redzes probl\u0113m\u0101m rada - Latvijas Neredz\u012bgo Biedr\u012bba\" \/>\n<meta property=\"og:description\" content=\"Latvijas Neredz\u012bgo biedr\u012bbas J\u016brmalas TERITORI\u0100L\u0100S ORGANIZACIJAS biedri ir akt\u012bvi un ap\u0146\u0113m\u012bbas pilni darboties. Septembr\u012b m\u0101jamatniec\u012bbas nodarb\u012bb\u0101s pa\u0161u rok\u0101m izgatavotas pu\u0137u kastes, tap\u0161anas proces\u0101 ir ar\u012b recep\u0161u gr\u0101mata cilv\u0113kiem ar redzes invalidit\u0101ti. J\u016brmalas iedz\u012bvot\u0101ji ar redzes probl\u0113m\u0101m \u2013 gan v\u0101jredz\u012bgie, gan neredz\u012bgie \u2013 tr\u012bs m\u0113ne\u0161us apmekl\u0113ja m\u0101jamatniec\u012bbas nodarb\u012bbas, kur\u0101s apguva jaunas prasmes, darbojoties ar koku un [&hellip;]\" \/>\n<meta property=\"og:url\" content=\"https:\/\/lnbiedriba.lv\/lv\/cilveki-ar-redzes-problemam-rada\/\" \/>\n<meta property=\"og:site_name\" content=\"Latvijas Neredz\u012bgo Biedr\u012bba\" \/>\n<meta property=\"article:published_time\" content=\"2024-12-20T06:43:33+00:00\" \/>\n<meta property=\"og:image\" content=\"https:\/\/lnbiedriba.lv\/wp-content\/uploads\/2024\/12\/1800_lnb-projekta-pasakums-artis-veigurs-7_lrg-1.jpg\" \/>\n\t<meta property=\"og:image:width\" content=\"800\" \/>\n\t<meta property=\"og:image:height\" content=\"533\" \/>\n\t<meta property=\"og:image:type\" content=\"image\/jpeg\" \/>\n<meta name=\"twitter:card\" content=\"summary_large_image\" \/>\n<meta name=\"twitter:label1\" content=\"Est. reading time\" \/>\n\t<meta name=\"twitter:data1\" content=\"2 minutes\" \/>\n<script type=\"application\/ld+json\" class=\"yoast-schema-graph\">{\"@context\":\"https:\\\/\\\/schema.org\",\"@graph\":[{\"@type\":\"Article\",\"@id\":\"https:\\\/\\\/lnbiedriba.lv\\\/lv\\\/cilveki-ar-redzes-problemam-rada\\\/#article\",\"isPartOf\":{\"@id\":\"https:\\\/\\\/lnbiedriba.lv\\\/lv\\\/cilveki-ar-redzes-problemam-rada\\\/\"},\"author\":{\"name\":\"\",\"@id\":\"\"},\"headline\":\"Cilv\u0113ki ar redzes probl\u0113m\u0101m rada\",\"datePublished\":\"2024-12-20T06:43:33+00:00\",\"mainEntityOfPage\":{\"@id\":\"https:\\\/\\\/lnbiedriba.lv\\\/lv\\\/cilveki-ar-redzes-problemam-rada\\\/\"},\"wordCount\":469,\"commentCount\":0,\"image\":{\"@id\":\"https:\\\/\\\/lnbiedriba.lv\\\/lv\\\/cilveki-ar-redzes-problemam-rada\\\/#primaryimage\"},\"thumbnailUrl\":\"https:\\\/\\\/lnbiedriba.lv\\\/wp-content\\\/uploads\\\/2024\\\/12\\\/1800_lnb-projekta-pasakums-artis-veigurs-7_lrg-1.jpg\",\"articleSection\":[\"Citi raksti\"],\"inLanguage\":\"lv-LV\",\"potentialAction\":[{\"@type\":\"CommentAction\",\"name\":\"Comment\",\"target\":[\"https:\\\/\\\/lnbiedriba.lv\\\/lv\\\/cilveki-ar-redzes-problemam-rada\\\/#respond\"]}]},{\"@type\":\"WebPage\",\"@id\":\"https:\\\/\\\/lnbiedriba.lv\\\/lv\\\/cilveki-ar-redzes-problemam-rada\\\/\",\"url\":\"https:\\\/\\\/lnbiedriba.lv\\\/lv\\\/cilveki-ar-redzes-problemam-rada\\\/\",\"name\":\"Cilv\u0113ki ar redzes probl\u0113m\u0101m rada - Latvijas Neredz\u012bgo Biedr\u012bba\",\"isPartOf\":{\"@id\":\"https:\\\/\\\/www.deepskyblue-opossum-371189.hostingersite.com\\\/en\\\/#website\"},\"primaryImageOfPage\":{\"@id\":\"https:\\\/\\\/lnbiedriba.lv\\\/lv\\\/cilveki-ar-redzes-problemam-rada\\\/#primaryimage\"},\"image\":{\"@id\":\"https:\\\/\\\/lnbiedriba.lv\\\/lv\\\/cilveki-ar-redzes-problemam-rada\\\/#primaryimage\"},\"thumbnailUrl\":\"https:\\\/\\\/lnbiedriba.lv\\\/wp-content\\\/uploads\\\/2024\\\/12\\\/1800_lnb-projekta-pasakums-artis-veigurs-7_lrg-1.jpg\",\"datePublished\":\"2024-12-20T06:43:33+00:00\",\"author\":{\"@id\":\"\"},\"breadcrumb\":{\"@id\":\"https:\\\/\\\/lnbiedriba.lv\\\/lv\\\/cilveki-ar-redzes-problemam-rada\\\/#breadcrumb\"},\"inLanguage\":\"lv-LV\",\"potentialAction\":[{\"@type\":\"ReadAction\",\"target\":[\"https:\\\/\\\/lnbiedriba.lv\\\/lv\\\/cilveki-ar-redzes-problemam-rada\\\/\"]}]},{\"@type\":\"ImageObject\",\"inLanguage\":\"lv-LV\",\"@id\":\"https:\\\/\\\/lnbiedriba.lv\\\/lv\\\/cilveki-ar-redzes-problemam-rada\\\/#primaryimage\",\"url\":\"https:\\\/\\\/lnbiedriba.lv\\\/wp-content\\\/uploads\\\/2024\\\/12\\\/1800_lnb-projekta-pasakums-artis-veigurs-7_lrg-1.jpg\",\"contentUrl\":\"https:\\\/\\\/lnbiedriba.lv\\\/wp-content\\\/uploads\\\/2024\\\/12\\\/1800_lnb-projekta-pasakums-artis-veigurs-7_lrg-1.jpg\",\"width\":800,\"height\":533},{\"@type\":\"BreadcrumbList\",\"@id\":\"https:\\\/\\\/lnbiedriba.lv\\\/lv\\\/cilveki-ar-redzes-problemam-rada\\\/#breadcrumb\",\"itemListElement\":[{\"@type\":\"ListItem\",\"position\":1,\"name\":\"Home\",\"item\":\"https:\\\/\\\/www.deepskyblue-opossum-371189.hostingersite.com\\\/lv\\\/\"},{\"@type\":\"ListItem\",\"position\":2,\"name\":\"Cilv\u0113ki ar redzes probl\u0113m\u0101m rada\"}]},{\"@type\":\"WebSite\",\"@id\":\"https:\\\/\\\/www.deepskyblue-opossum-371189.hostingersite.com\\\/en\\\/#website\",\"url\":\"https:\\\/\\\/www.deepskyblue-opossum-371189.hostingersite.com\\\/en\\\/\",\"name\":\"Latvijas Neredz\u012bgo Biedr\u012bba\",\"description\":\"Apvienojam un p\u0101rst\u0101vam 1., 2. un 3. grupas redzes inval\u012bdu intereses Latvij\u0101.\",\"potentialAction\":[{\"@type\":\"SearchAction\",\"target\":{\"@type\":\"EntryPoint\",\"urlTemplate\":\"https:\\\/\\\/www.deepskyblue-opossum-371189.hostingersite.com\\\/en\\\/?s={search_term_string}\"},\"query-input\":{\"@type\":\"PropertyValueSpecification\",\"valueRequired\":true,\"valueName\":\"search_term_string\"}}],\"inLanguage\":\"lv-LV\"}]}<\/script>\n<!-- \/ Yoast SEO plugin. -->","yoast_head_json":{"title":"Cilv\u0113ki ar redzes probl\u0113m\u0101m rada - Latvijas Neredz\u012bgo Biedr\u012bba","robots":{"index":"index","follow":"follow","max-snippet":"max-snippet:-1","max-image-preview":"max-image-preview:large","max-video-preview":"max-video-preview:-1"},"canonical":"https:\/\/lnbiedriba.lv\/lv\/cilveki-ar-redzes-problemam-rada\/","og_locale":"lv_LV","og_type":"article","og_title":"Cilv\u0113ki ar redzes probl\u0113m\u0101m rada - Latvijas Neredz\u012bgo Biedr\u012bba","og_description":"Latvijas Neredz\u012bgo biedr\u012bbas J\u016brmalas TERITORI\u0100L\u0100S ORGANIZACIJAS biedri ir akt\u012bvi un ap\u0146\u0113m\u012bbas pilni darboties. Septembr\u012b m\u0101jamatniec\u012bbas nodarb\u012bb\u0101s pa\u0161u rok\u0101m izgatavotas pu\u0137u kastes, tap\u0161anas proces\u0101 ir ar\u012b recep\u0161u gr\u0101mata cilv\u0113kiem ar redzes invalidit\u0101ti. J\u016brmalas iedz\u012bvot\u0101ji ar redzes probl\u0113m\u0101m \u2013 gan v\u0101jredz\u012bgie, gan neredz\u012bgie \u2013 tr\u012bs m\u0113ne\u0161us apmekl\u0113ja m\u0101jamatniec\u012bbas nodarb\u012bbas, kur\u0101s apguva jaunas prasmes, darbojoties ar koku un [&hellip;]","og_url":"https:\/\/lnbiedriba.lv\/lv\/cilveki-ar-redzes-problemam-rada\/","og_site_name":"Latvijas Neredz\u012bgo Biedr\u012bba","article_published_time":"2024-12-20T06:43:33+00:00","og_image":[{"width":800,"height":533,"url":"https:\/\/lnbiedriba.lv\/wp-content\/uploads\/2024\/12\/1800_lnb-projekta-pasakums-artis-veigurs-7_lrg-1.jpg","type":"image\/jpeg"}],"twitter_card":"summary_large_image","twitter_misc":{"Est. reading time":"2 minutes"},"schema":{"@context":"https:\/\/schema.org","@graph":[{"@type":"Article","@id":"https:\/\/lnbiedriba.lv\/lv\/cilveki-ar-redzes-problemam-rada\/#article","isPartOf":{"@id":"https:\/\/lnbiedriba.lv\/lv\/cilveki-ar-redzes-problemam-rada\/"},"author":{"name":"","@id":""},"headline":"Cilv\u0113ki ar redzes probl\u0113m\u0101m rada","datePublished":"2024-12-20T06:43:33+00:00","mainEntityOfPage":{"@id":"https:\/\/lnbiedriba.lv\/lv\/cilveki-ar-redzes-problemam-rada\/"},"wordCount":469,"commentCount":0,"image":{"@id":"https:\/\/lnbiedriba.lv\/lv\/cilveki-ar-redzes-problemam-rada\/#primaryimage"},"thumbnailUrl":"https:\/\/lnbiedriba.lv\/wp-content\/uploads\/2024\/12\/1800_lnb-projekta-pasakums-artis-veigurs-7_lrg-1.jpg","articleSection":["Citi raksti"],"inLanguage":"lv-LV","potentialAction":[{"@type":"CommentAction","name":"Comment","target":["https:\/\/lnbiedriba.lv\/lv\/cilveki-ar-redzes-problemam-rada\/#respond"]}]},{"@type":"WebPage","@id":"https:\/\/lnbiedriba.lv\/lv\/cilveki-ar-redzes-problemam-rada\/","url":"https:\/\/lnbiedriba.lv\/lv\/cilveki-ar-redzes-problemam-rada\/","name":"Cilv\u0113ki ar redzes probl\u0113m\u0101m rada - Latvijas Neredz\u012bgo Biedr\u012bba","isPartOf":{"@id":"https:\/\/www.deepskyblue-opossum-371189.hostingersite.com\/en\/#website"},"primaryImageOfPage":{"@id":"https:\/\/lnbiedriba.lv\/lv\/cilveki-ar-redzes-problemam-rada\/#primaryimage"},"image":{"@id":"https:\/\/lnbiedriba.lv\/lv\/cilveki-ar-redzes-problemam-rada\/#primaryimage"},"thumbnailUrl":"https:\/\/lnbiedriba.lv\/wp-content\/uploads\/2024\/12\/1800_lnb-projekta-pasakums-artis-veigurs-7_lrg-1.jpg","datePublished":"2024-12-20T06:43:33+00:00","author":{"@id":""},"breadcrumb":{"@id":"https:\/\/lnbiedriba.lv\/lv\/cilveki-ar-redzes-problemam-rada\/#breadcrumb"},"inLanguage":"lv-LV","potentialAction":[{"@type":"ReadAction","target":["https:\/\/lnbiedriba.lv\/lv\/cilveki-ar-redzes-problemam-rada\/"]}]},{"@type":"ImageObject","inLanguage":"lv-LV","@id":"https:\/\/lnbiedriba.lv\/lv\/cilveki-ar-redzes-problemam-rada\/#primaryimage","url":"https:\/\/lnbiedriba.lv\/wp-content\/uploads\/2024\/12\/1800_lnb-projekta-pasakums-artis-veigurs-7_lrg-1.jpg","contentUrl":"https:\/\/lnbiedriba.lv\/wp-content\/uploads\/2024\/12\/1800_lnb-projekta-pasakums-artis-veigurs-7_lrg-1.jpg","width":800,"height":533},{"@type":"BreadcrumbList","@id":"https:\/\/lnbiedriba.lv\/lv\/cilveki-ar-redzes-problemam-rada\/#breadcrumb","itemListElement":[{"@type":"ListItem","position":1,"name":"Home","item":"https:\/\/www.deepskyblue-opossum-371189.hostingersite.com\/lv\/"},{"@type":"ListItem","position":2,"name":"Cilv\u0113ki ar redzes probl\u0113m\u0101m rada"}]},{"@type":"WebSite","@id":"https:\/\/www.deepskyblue-opossum-371189.hostingersite.com\/en\/#website","url":"https:\/\/www.deepskyblue-opossum-371189.hostingersite.com\/en\/","name":"Latvijas Neredz\u012bgo Biedr\u012bba","description":"Apvienojam un p\u0101rst\u0101vam 1., 2. un 3. grupas redzes inval\u012bdu intereses Latvij\u0101.","potentialAction":[{"@type":"SearchAction","target":{"@type":"EntryPoint","urlTemplate":"https:\/\/www.deepskyblue-opossum-371189.hostingersite.com\/en\/?s={search_term_string}"},"query-input":{"@type":"PropertyValueSpecification","valueRequired":true,"valueName":"search_term_string"}}],"inLanguage":"lv-LV"}]}},"_links":{"self":[{"href":"https:\/\/lnbiedriba.lv\/lv\/wp-json\/wp\/v2\/posts\/6470","targetHints":{"allow":["GET"]}}],"collection":[{"href":"https:\/\/lnbiedriba.lv\/lv\/wp-json\/wp\/v2\/posts"}],"about":[{"href":"https:\/\/lnbiedriba.lv\/lv\/wp-json\/wp\/v2\/types\/post"}],"replies":[{"embeddable":true,"href":"https:\/\/lnbiedriba.lv\/lv\/wp-json\/wp\/v2\/comments?post=6470"}],"version-history":[{"count":0,"href":"https:\/\/lnbiedriba.lv\/lv\/wp-json\/wp\/v2\/posts\/6470\/revisions"}],"wp:featuredmedia":[{"embeddable":true,"href":"https:\/\/lnbiedriba.lv\/lv\/wp-json\/wp\/v2\/media\/6468"}],"wp:attachment":[{"href":"https:\/\/lnbiedriba.lv\/lv\/wp-json\/wp\/v2\/media?parent=6470"}],"wp:term":[{"taxonomy":"category","embeddable":true,"href":"https:\/\/lnbiedriba.lv\/lv\/wp-json\/wp\/v2\/categories?post=6470"},{"taxonomy":"post_tag","embeddable":true,"href":"https:\/\/lnbiedriba.lv\/lv\/wp-json\/wp\/v2\/tags?post=6470"}],"curies":[{"name":"wp","href":"https:\/\/api.w.org\/{rel}","templated":true}]}}